{"id":8548,"date":"2012-06-22T20:43:12","date_gmt":"2012-06-22T18:43:12","guid":{"rendered":"http:\/\/www.pornoanwalt.de\/?p=8548"},"modified":"2012-06-23T00:12:00","modified_gmt":"2012-06-22T22:12:00","slug":"american-psycho","status":"publish","type":"post","link":"https:\/\/pornoanwalt.de\/?p=8548","title":{"rendered":"American Psycho"},"content":{"rendered":"<p><img loading=\"lazy\" decoding=\"async\" class=\"alignleft size-full wp-image-8549\" title=\"\" src=\"http:\/\/www.pornoanwalt.de\/wp-content\/uploads\/2012\/06\/america-psycho-christian-bale-patrick-bateman.jpg\" alt=\"\" width=\"250\" height=\"312\" srcset=\"https:\/\/pornoanwalt.de\/wp-content\/uploads\/2012\/06\/america-psycho-christian-bale-patrick-bateman.jpg 250w, https:\/\/pornoanwalt.de\/wp-content\/uploads\/2012\/06\/america-psycho-christian-bale-patrick-bateman-240x300.jpg 240w\" sizes=\"auto, (max-width: 250px) 100vw, 250px\" \/>Als 1991 der Roman <a href=\"http:\/\/de.wikipedia.org\/wiki\/American_Psycho\">American Psycho<\/a> erschien, wurde die Bundespr\u00fcfstelle umgehend t\u00e4tig und\u00a0<a href=\"http:\/\/www.pornoanwalt.de\/wp-content\/uploads\/2012\/06\/19950105-bundespruefstelle-american-psycho.pdf\">indizierte<\/a> das Werk vier Jahre sp\u00e4ter, wegen &#8222;sittlicher Gef\u00e4hrdung&#8220; von Jugendlichen. Dem wollte das Verwaltungsgericht K\u00f6ln nicht folgen und hob die Indizierung wieder auf (Az.: <a href=\"http:\/\/www.pornoanwalt.de\/wp-content\/uploads\/2012\/06\/19980428-vg-koeln-american-psycho.pdf\">17 K 1394\/95<\/a>). Dieses Urteil wurde 2001 in der Berufung vom OVG NRW best\u00e4tigt (Az.: <a href=\"http:\/\/www.pornoanwalt.de\/wp-content\/uploads\/2012\/06\/20010215-ovg-nrw-american-psycho.pdf\">20 A 3635\/98<\/a>). Beide Gerichte bem\u00e4ngelten verengte &#8222;Stellenlekt\u00fcre&#8220; durch die Bundespr\u00fcfstelle, statt einer &#8222;notwendigen Gesamtwertung des Romans&#8220;. Zudem fehle eine Abw\u00e4gung mit der Kunstfreiheit.<\/p>\n","protected":false},"excerpt":{"rendered":"<p>Als 1991 der Roman American Psycho erschien, wurde die Bundespr\u00fcfstelle umgehend t\u00e4tig und\u00a0indizierte das Werk vier Jahre sp\u00e4ter, wegen &#8222;sittlicher Gef\u00e4hrdung&#8220; von Jugendlichen. Dem wollte das Verwaltungsgericht K\u00f6ln nicht folgen und hob die Indizierung wieder auf (Az.: 17 K 1394\/95). Dieses Urteil wurde 2001 in der Berufung vom OVG NRW best\u00e4tigt (Az.: 20 A 3635\/98). [&hellip;]<\/p>\n","protected":false},"author":1,"featured_media":0,"comment_status":"open","ping_status":"open","sticky":false,"template":"","format":"standard","meta":{"footnotes":""},"categories":[1],"tags":[2339,2340,850],"class_list":["post-8548","post","type-post","status-publish","format-standard","hentry","category-allgemeines","tag-american-psycho","tag-bret-easton-ellis","tag-bundesprufstelle-fur-jugendgefahrdende-medien"],"_links":{"self":[{"href":"https:\/\/pornoanwalt.de\/index.php?rest_route=\/wp\/v2\/posts\/8548","targetHints":{"allow":["GET"]}}],"collection":[{"href":"https:\/\/pornoanwalt.de\/index.php?rest_route=\/wp\/v2\/posts"}],"about":[{"href":"https:\/\/pornoanwalt.de\/index.php?rest_route=\/wp\/v2\/types\/post"}],"author":[{"embeddable":true,"href":"https:\/\/pornoanwalt.de\/index.php?rest_route=\/wp\/v2\/users\/1"}],"replies":[{"embeddable":true,"href":"https:\/\/pornoanwalt.de\/index.php?rest_route=%2Fwp%2Fv2%2Fcomments&post=8548"}],"version-history":[{"count":9,"href":"https:\/\/pornoanwalt.de\/index.php?rest_route=\/wp\/v2\/posts\/8548\/revisions"}],"predecessor-version":[{"id":8562,"href":"https:\/\/pornoanwalt.de\/index.php?rest_route=\/wp\/v2\/posts\/8548\/revisions\/8562"}],"wp:attachment":[{"href":"https:\/\/pornoanwalt.de\/index.php?rest_route=%2Fwp%2Fv2%2Fmedia&parent=8548"}],"wp:term":[{"taxonomy":"category","embeddable":true,"href":"https:\/\/pornoanwalt.de\/index.php?rest_route=%2Fwp%2Fv2%2Fcategories&post=8548"},{"taxonomy":"post_tag","embeddable":true,"href":"https:\/\/pornoanwalt.de\/index.php?rest_route=%2Fwp%2Fv2%2Ftags&post=8548"}],"curies":[{"name":"wp","href":"https:\/\/api.w.org\/{rel}","templated":true}]}}